{"id":37533,"date":"2025-01-03T15:07:47","date_gmt":"2025-01-03T14:07:47","guid":{"rendered":"https:\/\/www.digitalizewallonie.be\/news\/comment-field-concept-est-passe-au-cloud-azure\/"},"modified":"2025-01-06T10:16:17","modified_gmt":"2025-01-06T09:16:17","slug":"comment-field-concept-est-passe-au-cloud-azure","status":"publish","type":"news","link":"https:\/\/www.digitalizewallonie.be\/fr\/news\/comment-field-concept-est-passe-au-cloud-azure\/","title":{"rendered":"Comment Field &#038; Concept est pass\u00e9 au Cloud Azure"},"content":{"rendered":"<p>D\u00e9couvrez le t\u00e9moignage d&#8217;un de nos clients sur son \u00e9volution vers Microsoft Azure<\/p>\n","protected":false},"excerpt":{"rendered":"<p>Depuis 1989, l\u2019agence\u202fField\u202f&#038; Concept propose \u00e0 ses clients des solutions\u202fmarketing novatrices.\u202fLa soci\u00e9t\u00e9 a eu besoin d\u2019adapter son outil de travail \u00e0 l\u2019\u00e9poque actuelle.<\/p>\n","protected":false},"featured_media":37537,"template":"","meta":{"_seopress_robots_primary_cat":"","_seopress_titles_title":"","_seopress_titles_desc":"","_seopress_robots_index":"","_api_id":"44291","_exhibitors":["37531"],"footnotes":""},"edition":[394],"country":[],"class_list":["post-37533","news","type-news","status-publish","has-post-thumbnail","hentry","edition-digitalize-namur-2025"],"_links":{"self":[{"href":"https:\/\/www.digitalizewallonie.be\/fr\/wp-json\/wp\/v2\/news\/37533","targetHints":{"allow":["GET"]}}],"collection":[{"href":"https:\/\/www.digitalizewallonie.be\/fr\/wp-json\/wp\/v2\/news"}],"about":[{"href":"https:\/\/www.digitalizewallonie.be\/fr\/wp-json\/wp\/v2\/types\/news"}],"version-history":[{"count":1,"href":"https:\/\/www.digitalizewallonie.be\/fr\/wp-json\/wp\/v2\/news\/37533\/revisions"}],"predecessor-version":[{"id":38305,"href":"https:\/\/www.digitalizewallonie.be\/fr\/wp-json\/wp\/v2\/news\/37533\/revisions\/38305"}],"wp:featuredmedia":[{"embeddable":true,"href":"https:\/\/www.digitalizewallonie.be\/fr\/wp-json\/wp\/v2\/media\/37537"}],"wp:attachment":[{"href":"https:\/\/www.digitalizewallonie.be\/fr\/wp-json\/wp\/v2\/media?parent=37533"}],"wp:term":[{"taxonomy":"edition","embeddable":true,"href":"https:\/\/www.digitalizewallonie.be\/fr\/wp-json\/wp\/v2\/edition?post=37533"},{"taxonomy":"country","embeddable":true,"href":"https:\/\/www.digitalizewallonie.be\/fr\/wp-json\/wp\/v2\/country?post=37533"}],"curies":[{"name":"wp","href":"https:\/\/api.w.org\/{rel}","templated":true}]}}