{"id":37561,"date":"2025-01-03T15:07:53","date_gmt":"2025-01-03T14:07:53","guid":{"rendered":"https:\/\/www.digitalizewallonie.be\/news\/facturation-electronique-obligatoire-a-partir-de-2026-quest-ce-que-cela-signifie-pour-vous\/"},"modified":"2025-01-06T10:16:31","modified_gmt":"2025-01-06T09:16:31","slug":"facturation-electronique-obligatoire-a-partir-de-2026-quest-ce-que-cela-signifie-pour-vous","status":"publish","type":"news","link":"https:\/\/www.digitalizewallonie.be\/fr\/news\/facturation-electronique-obligatoire-a-partir-de-2026-quest-ce-que-cela-signifie-pour-vous\/","title":{"rendered":"Facturation \u00e9lectronique obligatoire \u00e0 partir de 2026 : qu&#8217;est-ce que cela signifie pour vous ?"},"content":{"rendered":"<p>\u00c0 partir de 2026, les entrepreneurs belges devront obligatoirement envoyer et recevoir des factures num\u00e9riques. Mais en quoi consiste exactement la facturation \u00e9lectronique ? Comment \u00eatre en ordre au 1er janvier 2026 ? Et quels sont les avantages pour vous en tant qu&#8217;entrepreneur ?<br \/>\nToutes les r\u00e9ponses se trouvent dans ce livre blanc.<\/p>\n","protected":false},"excerpt":{"rendered":"<p>T\u00e9l\u00e9chargez le livre blanc gratuit<\/p>\n","protected":false},"featured_media":37687,"template":"","meta":{"_seopress_robots_primary_cat":"","_seopress_titles_title":"","_seopress_titles_desc":"","_seopress_robots_index":"","_api_id":"58761","_exhibitors":["37555"],"footnotes":""},"edition":[394],"country":[],"class_list":["post-37561","news","type-news","status-publish","has-post-thumbnail","hentry","edition-digitalize-namur-2025"],"_links":{"self":[{"href":"https:\/\/www.digitalizewallonie.be\/fr\/wp-json\/wp\/v2\/news\/37561","targetHints":{"allow":["GET"]}}],"collection":[{"href":"https:\/\/www.digitalizewallonie.be\/fr\/wp-json\/wp\/v2\/news"}],"about":[{"href":"https:\/\/www.digitalizewallonie.be\/fr\/wp-json\/wp\/v2\/types\/news"}],"version-history":[{"count":1,"href":"https:\/\/www.digitalizewallonie.be\/fr\/wp-json\/wp\/v2\/news\/37561\/revisions"}],"predecessor-version":[{"id":38327,"href":"https:\/\/www.digitalizewallonie.be\/fr\/wp-json\/wp\/v2\/news\/37561\/revisions\/38327"}],"wp:featuredmedia":[{"embeddable":true,"href":"https:\/\/www.digitalizewallonie.be\/fr\/wp-json\/wp\/v2\/media\/37687"}],"wp:attachment":[{"href":"https:\/\/www.digitalizewallonie.be\/fr\/wp-json\/wp\/v2\/media?parent=37561"}],"wp:term":[{"taxonomy":"edition","embeddable":true,"href":"https:\/\/www.digitalizewallonie.be\/fr\/wp-json\/wp\/v2\/edition?post=37561"},{"taxonomy":"country","embeddable":true,"href":"https:\/\/www.digitalizewallonie.be\/fr\/wp-json\/wp\/v2\/country?post=37561"}],"curies":[{"name":"wp","href":"https:\/\/api.w.org\/{rel}","templated":true}]}}