{"id":37659,"date":"2025-01-03T15:08:23","date_gmt":"2025-01-03T14:08:23","guid":{"rendered":"https:\/\/www.digitalizewallonie.be\/news\/exquando-fete-son-15eme-anniversaire\/"},"modified":"2025-01-09T11:54:02","modified_gmt":"2025-01-09T10:54:02","slug":"exquando-fete-son-15eme-anniversaire","status":"publish","type":"news","link":"https:\/\/www.digitalizewallonie.be\/fr\/news\/exquando-fete-son-15eme-anniversaire\/","title":{"rendered":"Exquando f\u00eate son 15\u00e8me anniversaire"},"content":{"rendered":"<p>Entreprise belge sp\u00e9cialis\u00e9e dans la gestion de la documentation des projets et des organisations, Exquando se veut ind\u00e9pendante des \u00e9diteurs de logiciels.<\/p>\n<p>Pouvez-vous bri\u00e8vement nous d\u00e9crire le m\u00e9tier d\u2019Exquando ?<\/p>\n<p>Nous sommes tr\u00e8s actifs dans la gestion de la documentation technique au sein de grandes entreprises qui d\u00e9veloppent leurs infrastructures. Nous travaillons, par exemple, pour GSK, UCB, Elia, Imec, Fluxys \u2026  Au sein de ces entreprises, nos interlocuteurs sont principalement les directeurs de l\u2019engineering et les chefs de projets. Nous avons \u00e9galement des missions pour des soci\u00e9t\u00e9s de construction comme BESIX et pour des bureaux d\u2019\u00e9tudes comme Sweco ou RealDev. Nous sommes \u00e9galement pr\u00e9sents \u00e0 l&#8217;\u00e9tranger, en ce compris en Guin\u00e9e avec Equans !  <\/p>\n<p>Avec l\u2019exp\u00e9rience que nous avons acquise, nous avons \u00e9tendu nos comp\u00e9tences et travaillons aussi pour le monde des PME, des communes ou des intercommunales o\u00f9 nous prenons en charge tout type de projet en gestion documentaire.<\/p>\n<p>Parall\u00e8lement, nous avons \u00e9galement une activit\u00e9 dans le domaine de l\u2019archivage. En consortium avec d\u2019autres entreprises du secteur, nous soignons les archives des Institutions europ\u00e9ennes.  <\/p>\n<p>Dans quel contexte et \u00e0 quelle \u00e9tape intervient Exquando ? <\/p>\n<p>Le flux constant d\u2019innovation technologique disloque jour apr\u00e8s jour les mani\u00e8res \u00e9tablies de g\u00e9rer l&#8217;information au sein des organisations. Les collaborateurs s&#8217;adaptent tant bien que mal \u00e0 toutes ces innovations jusqu\u2019au jour o\u00f9 l\u2019on d\u00e9passe un seuil et quelqu\u2019un tire la sonnette d\u2019alarme.  <\/p>\n<p>C\u2019est \u00e0 ce moment-l\u00e0 que l\u2019\u00e9quipe Exquando entre en sc\u00e8ne pour revoir la mani\u00e8re de collaborer, de communiquer et de g\u00e9rer les documents. <\/p>\n<p>Et comme il est question de collaborer, l\u2019\u00e9quipe Exquando s\u2019assure d\u2019\u00e9largir la discussion en invitant toutes les parties impliqu\u00e9es dans le syst\u00e8me informationnel !<\/p>\n","protected":false},"excerpt":{"rendered":"<p>Marc Ansoult, fondateur et CEO d&#8217;Exquando, revient sur le parcours, les valeurs et sa vision de l&#8217;avenir.<\/p>\n","protected":false},"featured_media":38002,"template":"","meta":{"_seopress_robots_primary_cat":"","_seopress_titles_title":"","_seopress_titles_desc":"","_seopress_robots_index":"","_api_id":"57889","_exhibitors":["37658"],"footnotes":""},"edition":[394],"country":[],"class_list":["post-37659","news","type-news","status-publish","has-post-thumbnail","hentry","edition-digitalize-namur-2025"],"_links":{"self":[{"href":"https:\/\/www.digitalizewallonie.be\/fr\/wp-json\/wp\/v2\/news\/37659","targetHints":{"allow":["GET"]}}],"collection":[{"href":"https:\/\/www.digitalizewallonie.be\/fr\/wp-json\/wp\/v2\/news"}],"about":[{"href":"https:\/\/www.digitalizewallonie.be\/fr\/wp-json\/wp\/v2\/types\/news"}],"version-history":[{"count":1,"href":"https:\/\/www.digitalizewallonie.be\/fr\/wp-json\/wp\/v2\/news\/37659\/revisions"}],"predecessor-version":[{"id":38417,"href":"https:\/\/www.digitalizewallonie.be\/fr\/wp-json\/wp\/v2\/news\/37659\/revisions\/38417"}],"wp:featuredmedia":[{"embeddable":true,"href":"https:\/\/www.digitalizewallonie.be\/fr\/wp-json\/wp\/v2\/media\/38002"}],"wp:attachment":[{"href":"https:\/\/www.digitalizewallonie.be\/fr\/wp-json\/wp\/v2\/media?parent=37659"}],"wp:term":[{"taxonomy":"edition","embeddable":true,"href":"https:\/\/www.digitalizewallonie.be\/fr\/wp-json\/wp\/v2\/edition?post=37659"},{"taxonomy":"country","embeddable":true,"href":"https:\/\/www.digitalizewallonie.be\/fr\/wp-json\/wp\/v2\/country?post=37659"}],"curies":[{"name":"wp","href":"https:\/\/api.w.org\/{rel}","templated":true}]}}