{"id":37809,"date":"2025-01-03T15:09:03","date_gmt":"2025-01-03T14:09:03","guid":{"rendered":"https:\/\/www.digitalizewallonie.be\/news\/analyse-des-comportements-dachat-des-pme-b2b\/"},"modified":"2025-01-06T10:18:38","modified_gmt":"2025-01-06T09:18:38","slug":"analyse-des-comportements-dachat-des-pme-b2b","status":"publish","type":"news","link":"https:\/\/www.digitalizewallonie.be\/fr\/news\/analyse-des-comportements-dachat-des-pme-b2b\/","title":{"rendered":"Analyse des comportements d\u2019achat des PME B2B"},"content":{"rendered":"<p>Ce rapport pr\u00e9sente une analyse approfondie des comportements d\u2019achat des petites et moyennes entreprises B2B (PME de min 25 ETP) situ\u00e9e en Wallonie et \u00e0 Bruxelles, bas\u00e9es sur une \u00e9tude qualitative r\u00e9alis\u00e9e par t\u00e9l\u00e9phone ou Teams avec le CEO et repose sur une s\u00e9rie de questions et un \u00e9change sur cette th\u00e9matique.<\/p>\n<p>L\u2019objectif de cette \u00e9tude est d\u2019identifier les crit\u00e8res de s\u00e9lection et les attentes des PME B2B dans leur processus de choix de fournisseurs, afin de mieux comprendre les tendances actuelles et les d\u00e9fis rencontr\u00e9s. Cette analyse inclut des \u00e9l\u00e9ments tels que la recherche de fournisseurs, les attentes en termes de qualit\u00e9, les crit\u00e8res de comparaison, ainsi que des th\u00e8mes \u00e9mergents tels que la durabilit\u00e9.<\/p>\n<p>Cette \u00e9tude r\u00e9alis\u00e9e par le cabinet de conseil Maia Consulting est une premi\u00e8re \u00e9dition et, nous continuerons \u00e0 r\u00e9colter des r\u00e9sultats pour affiner celle-ci et la mettre \u00e0 jour.<\/p>\n","protected":false},"excerpt":{"rendered":"<p>Etude sur le comportement d&#8217;achat des PME B2B en Belgique<\/p>\n","protected":false},"featured_media":38104,"template":"","meta":{"_seopress_robots_primary_cat":"","_seopress_titles_title":"","_seopress_titles_desc":"","_seopress_robots_index":"","_api_id":"58563","_exhibitors":["37801"],"footnotes":""},"edition":[394],"country":[],"class_list":["post-37809","news","type-news","status-publish","has-post-thumbnail","hentry","edition-digitalize-namur-2025"],"_links":{"self":[{"href":"https:\/\/www.digitalizewallonie.be\/fr\/wp-json\/wp\/v2\/news\/37809","targetHints":{"allow":["GET"]}}],"collection":[{"href":"https:\/\/www.digitalizewallonie.be\/fr\/wp-json\/wp\/v2\/news"}],"about":[{"href":"https:\/\/www.digitalizewallonie.be\/fr\/wp-json\/wp\/v2\/types\/news"}],"version-history":[{"count":1,"href":"https:\/\/www.digitalizewallonie.be\/fr\/wp-json\/wp\/v2\/news\/37809\/revisions"}],"predecessor-version":[{"id":38538,"href":"https:\/\/www.digitalizewallonie.be\/fr\/wp-json\/wp\/v2\/news\/37809\/revisions\/38538"}],"wp:featuredmedia":[{"embeddable":true,"href":"https:\/\/www.digitalizewallonie.be\/fr\/wp-json\/wp\/v2\/media\/38104"}],"wp:attachment":[{"href":"https:\/\/www.digitalizewallonie.be\/fr\/wp-json\/wp\/v2\/media?parent=37809"}],"wp:term":[{"taxonomy":"edition","embeddable":true,"href":"https:\/\/www.digitalizewallonie.be\/fr\/wp-json\/wp\/v2\/edition?post=37809"},{"taxonomy":"country","embeddable":true,"href":"https:\/\/www.digitalizewallonie.be\/fr\/wp-json\/wp\/v2\/country?post=37809"}],"curies":[{"name":"wp","href":"https:\/\/api.w.org\/{rel}","templated":true}]}}