{"id":38759,"date":"2025-01-07T14:30:10","date_gmt":"2025-01-07T13:30:10","guid":{"rendered":"https:\/\/www.digitalizewallonie.be\/news\/nouveau-logo-nouvelle-ere-exquando-se-reinvente-pour-ses-15-ans\/"},"modified":"2025-01-09T11:54:03","modified_gmt":"2025-01-09T10:54:03","slug":"nouveau-logo-nouvelle-ere-exquando-se-reinvente-pour-ses-15-ans","status":"publish","type":"news","link":"https:\/\/www.digitalizewallonie.be\/fr\/news\/nouveau-logo-nouvelle-ere-exquando-se-reinvente-pour-ses-15-ans\/","title":{"rendered":"Nouveau logo, nouvelle \u00e8re : Exquando se r\u00e9invente pour ses 15 ans"},"content":{"rendered":"<p>Simplicit\u00e9 et clart\u00e9 :<br \/>\nLe nouveau logo adopte une typographie \u00e9pur\u00e9e, refl\u00e9tant notre conviction que la gestion de l&#8217;information doit rester simple et accessible, malgr\u00e9 la complexit\u00e9 croissante des technologies.   <\/p>\n<p>Gouvernance et collaboration :<br \/>\nLe symbole graphique, autrefois une repr\u00e9sentation abstraite de la gestion de l&#8217;information, est remplac\u00e9 par un cercle bleu. Il symbolise d\u00e9sormais une table de r\u00e9union, lieu d&#8217;\u00e9change et de prise de d\u00e9cision collaborative. Cette \u00e9volution illustre notre engagement envers la gouvernance de l&#8217;information, qui place l&#8217;humain au c\u0153ur des processus.<\/p>\n<p>Une expertise \u00e9largie :<br \/>\nLa baseline \u00e9volue \u00e9galement, passant de &#8220;Content Professionals&#8221; \u00e0 &#8220;InfoSystem Agency&#8221;. Ce changement affirme notre expertise globale en mati\u00e8re de syst\u00e8mes d&#8217;information, englobant non seulement les documents et le contenu, mais aussi les processus, les technologies et les acteurs. &#8220;Agency&#8221; souligne notre engagement \u00e0 fournir des services personnalis\u00e9s et de proximit\u00e9, gr\u00e2ce \u00e0 notre \u00e9quipe d&#8217;experts passionn\u00e9s.<\/p>\n<p>En r\u00e9sum\u00e9 :<br \/>\nCe nouveau logo incarne les valeurs fondamentales d&#8217;Exquando : simplicit\u00e9, collaboration et expertise. Il marque une nouvelle \u00e9tape dans notre d\u00e9veloppement, avec une vision \u00e9largie de la gestion de l&#8217;information et un engagement renforc\u00e9 envers la gouvernance et l&#8217;humain.<\/p>\n","protected":false},"excerpt":{"rendered":"<p>Apr\u00e8s 15 ann\u00e9es avec un premier logo, Exquando d\u00e9voile une identit\u00e9 visuelle modernis\u00e9e, \u00e0 l&#8217;image de son \u00e9volution.<\/p>\n","protected":false},"featured_media":38761,"template":"","meta":{"_seopress_robots_primary_cat":"","_seopress_titles_title":"","_seopress_titles_desc":"","_seopress_robots_index":"","_api_id":"59240","_exhibitors":["37658"],"footnotes":""},"edition":[394],"country":[],"class_list":["post-38759","news","type-news","status-publish","has-post-thumbnail","hentry","edition-digitalize-namur-2025"],"_links":{"self":[{"href":"https:\/\/www.digitalizewallonie.be\/fr\/wp-json\/wp\/v2\/news\/38759","targetHints":{"allow":["GET"]}}],"collection":[{"href":"https:\/\/www.digitalizewallonie.be\/fr\/wp-json\/wp\/v2\/news"}],"about":[{"href":"https:\/\/www.digitalizewallonie.be\/fr\/wp-json\/wp\/v2\/types\/news"}],"version-history":[{"count":1,"href":"https:\/\/www.digitalizewallonie.be\/fr\/wp-json\/wp\/v2\/news\/38759\/revisions"}],"predecessor-version":[{"id":38760,"href":"https:\/\/www.digitalizewallonie.be\/fr\/wp-json\/wp\/v2\/news\/38759\/revisions\/38760"}],"wp:featuredmedia":[{"embeddable":true,"href":"https:\/\/www.digitalizewallonie.be\/fr\/wp-json\/wp\/v2\/media\/38761"}],"wp:attachment":[{"href":"https:\/\/www.digitalizewallonie.be\/fr\/wp-json\/wp\/v2\/media?parent=38759"}],"wp:term":[{"taxonomy":"edition","embeddable":true,"href":"https:\/\/www.digitalizewallonie.be\/fr\/wp-json\/wp\/v2\/edition?post=38759"},{"taxonomy":"country","embeddable":true,"href":"https:\/\/www.digitalizewallonie.be\/fr\/wp-json\/wp\/v2\/country?post=38759"}],"curies":[{"name":"wp","href":"https:\/\/api.w.org\/{rel}","templated":true}]}}