{"id":38865,"date":"2025-01-09T14:27:08","date_gmt":"2025-01-09T13:27:08","guid":{"rendered":"https:\/\/www.digitalizewallonie.be\/news\/itakecare-sucess-stories\/"},"modified":"2025-01-09T14:33:18","modified_gmt":"2025-01-09T13:33:18","slug":"itakecare-sucess-stories","status":"publish","type":"news","link":"https:\/\/www.digitalizewallonie.be\/fr\/news\/itakecare-sucess-stories\/","title":{"rendered":"iTakecare &#8211; Sucess Stories"},"content":{"rendered":"<p>Gianni, le fondateur d&#8217;iTakecare est venu pr\u00e9senter son entreprise dans l&#8217;\u00e9mission Sucess Stories sur LN24, ce 7 janvier 2025, interview\u00e9 par Pierre Hermant, il retrace la gen\u00e8se de l&#8217;entreprise et sa proposition unique sur le march\u00e9 Belge du leasing de mat\u00e9riel informatique reconditionn\u00e9.<\/p>\n","protected":false},"excerpt":{"rendered":"<p>D\u00e9couvrez iTakecare en interview dans l&#8217;\u00e9mission Sucess Stories sur la chaine LN24 ce 07\/01\/2025<\/p>\n","protected":false},"featured_media":38867,"template":"","meta":{"_seopress_robots_primary_cat":"","_seopress_titles_title":"","_seopress_titles_desc":"","_seopress_robots_index":"","_api_id":"59380","_exhibitors":["37756"],"footnotes":""},"edition":[394],"country":[],"class_list":["post-38865","news","type-news","status-publish","has-post-thumbnail","hentry","edition-digitalize-namur-2025"],"_links":{"self":[{"href":"https:\/\/www.digitalizewallonie.be\/fr\/wp-json\/wp\/v2\/news\/38865","targetHints":{"allow":["GET"]}}],"collection":[{"href":"https:\/\/www.digitalizewallonie.be\/fr\/wp-json\/wp\/v2\/news"}],"about":[{"href":"https:\/\/www.digitalizewallonie.be\/fr\/wp-json\/wp\/v2\/types\/news"}],"version-history":[{"count":2,"href":"https:\/\/www.digitalizewallonie.be\/fr\/wp-json\/wp\/v2\/news\/38865\/revisions"}],"predecessor-version":[{"id":38868,"href":"https:\/\/www.digitalizewallonie.be\/fr\/wp-json\/wp\/v2\/news\/38865\/revisions\/38868"}],"wp:featuredmedia":[{"embeddable":true,"href":"https:\/\/www.digitalizewallonie.be\/fr\/wp-json\/wp\/v2\/media\/38867"}],"wp:attachment":[{"href":"https:\/\/www.digitalizewallonie.be\/fr\/wp-json\/wp\/v2\/media?parent=38865"}],"wp:term":[{"taxonomy":"edition","embeddable":true,"href":"https:\/\/www.digitalizewallonie.be\/fr\/wp-json\/wp\/v2\/edition?post=38865"},{"taxonomy":"country","embeddable":true,"href":"https:\/\/www.digitalizewallonie.be\/fr\/wp-json\/wp\/v2\/country?post=38865"}],"curies":[{"name":"wp","href":"https:\/\/api.w.org\/{rel}","templated":true}]}}