{"id":38971,"date":"2025-01-13T12:11:43","date_gmt":"2025-01-13T11:11:43","guid":{"rendered":"https:\/\/www.digitalizewallonie.be\/news\/nouveaux-sites-e-commerce-pour-bayard-milan\/"},"modified":"2025-01-13T12:11:43","modified_gmt":"2025-01-13T11:11:43","slug":"nouveaux-sites-e-commerce-pour-bayard-milan","status":"publish","type":"news","link":"https:\/\/www.digitalizewallonie.be\/fr\/news\/nouveaux-sites-e-commerce-pour-bayard-milan\/","title":{"rendered":"Nouveaux sites E-commerce pour Bayard Milan"},"content":{"rendered":"<p>Bayard, leader de la vente en ligne d\u2019abonnements magazines, est un groupe de presse et d\u2019\u00e9dition, pr\u00e9sent sur trois march\u00e9s : secteur Jeunesse, Religieux et Senior, actifs en Europe, en Am\u00e9rique et en Asie.<\/p>\n","protected":false},"excerpt":{"rendered":"<p>Cr\u00e9ation de sites Magento2 Commerce Multi-Sites pour Bayard Milan<\/p>\n","protected":false},"featured_media":2292,"template":"","meta":{"_seopress_robots_primary_cat":"","_seopress_titles_title":"","_seopress_titles_desc":"","_seopress_robots_index":"","_api_id":"37146","_exhibitors":["37965"],"footnotes":""},"edition":[394],"country":[],"class_list":["post-38971","news","type-news","status-publish","has-post-thumbnail","hentry","edition-digitalize-namur-2025"],"_links":{"self":[{"href":"https:\/\/www.digitalizewallonie.be\/fr\/wp-json\/wp\/v2\/news\/38971","targetHints":{"allow":["GET"]}}],"collection":[{"href":"https:\/\/www.digitalizewallonie.be\/fr\/wp-json\/wp\/v2\/news"}],"about":[{"href":"https:\/\/www.digitalizewallonie.be\/fr\/wp-json\/wp\/v2\/types\/news"}],"version-history":[{"count":0,"href":"https:\/\/www.digitalizewallonie.be\/fr\/wp-json\/wp\/v2\/news\/38971\/revisions"}],"wp:featuredmedia":[{"embeddable":true,"href":"https:\/\/www.digitalizewallonie.be\/fr\/wp-json\/wp\/v2\/media\/2292"}],"wp:attachment":[{"href":"https:\/\/www.digitalizewallonie.be\/fr\/wp-json\/wp\/v2\/media?parent=38971"}],"wp:term":[{"taxonomy":"edition","embeddable":true,"href":"https:\/\/www.digitalizewallonie.be\/fr\/wp-json\/wp\/v2\/edition?post=38971"},{"taxonomy":"country","embeddable":true,"href":"https:\/\/www.digitalizewallonie.be\/fr\/wp-json\/wp\/v2\/country?post=38971"}],"curies":[{"name":"wp","href":"https:\/\/api.w.org\/{rel}","templated":true}]}}