{"id":39233,"date":"2025-01-15T16:40:17","date_gmt":"2025-01-15T15:40:17","guid":{"rendered":"https:\/\/www.digitalizewallonie.be\/news\/ce-qui-va-changer-en-2025-pour-les-entrepreneurs-belges-prets-pour-de-nouvelles-aventures\/"},"modified":"2025-01-15T16:44:17","modified_gmt":"2025-01-15T15:44:17","slug":"ce-qui-va-changer-en-2025-pour-les-entrepreneurs-belges-prets-pour-de-nouvelles-aventures","status":"publish","type":"news","link":"https:\/\/www.digitalizewallonie.be\/fr\/news\/ce-qui-va-changer-en-2025-pour-les-entrepreneurs-belges-prets-pour-de-nouvelles-aventures\/","title":{"rendered":"Ce qui va changer en 2025 pour les entrepreneurs belges : pr\u00eats pour de nouvelles aventures ?"},"content":{"rendered":"<p>1. R\u00e9forme de la d\u00e9duction pour investissement<br \/>\n2. Indexation des salaires : pr\u00e9parez-vous !<br \/>\n3. Acc\u00e9l\u00e9ration de la digitalisation<br \/>\n4. \u00c9volution vers une durabilit\u00e9 renforc\u00e9e<br \/>\n5. Travail flexible et t\u00e9l\u00e9travail : la norme s\u2019installe<\/p>\n","protected":false},"excerpt":{"rendered":"<p>Chers entrepreneurs, tenez-vous bien ! 2025 arrive avec son lot de surprises, et il va falloir s&#8217;accrocher. Entre les nouveaut\u00e9s fiscales et les tendances incontournables, il est temps de faire le point et de se pr\u00e9parer pour une nouvelle ann\u00e9e !<\/p>\n","protected":false},"featured_media":0,"template":"","meta":{"_seopress_robots_primary_cat":"","_seopress_titles_title":"","_seopress_titles_desc":"","_seopress_robots_index":"","_api_id":"59627","_exhibitors":["37590"],"footnotes":""},"edition":[394],"country":[],"class_list":["post-39233","news","type-news","status-publish","hentry","edition-digitalize-namur-2025"],"_links":{"self":[{"href":"https:\/\/www.digitalizewallonie.be\/fr\/wp-json\/wp\/v2\/news\/39233","targetHints":{"allow":["GET"]}}],"collection":[{"href":"https:\/\/www.digitalizewallonie.be\/fr\/wp-json\/wp\/v2\/news"}],"about":[{"href":"https:\/\/www.digitalizewallonie.be\/fr\/wp-json\/wp\/v2\/types\/news"}],"version-history":[{"count":5,"href":"https:\/\/www.digitalizewallonie.be\/fr\/wp-json\/wp\/v2\/news\/39233\/revisions"}],"predecessor-version":[{"id":39238,"href":"https:\/\/www.digitalizewallonie.be\/fr\/wp-json\/wp\/v2\/news\/39233\/revisions\/39238"}],"wp:attachment":[{"href":"https:\/\/www.digitalizewallonie.be\/fr\/wp-json\/wp\/v2\/media?parent=39233"}],"wp:term":[{"taxonomy":"edition","embeddable":true,"href":"https:\/\/www.digitalizewallonie.be\/fr\/wp-json\/wp\/v2\/edition?post=39233"},{"taxonomy":"country","embeddable":true,"href":"https:\/\/www.digitalizewallonie.be\/fr\/wp-json\/wp\/v2\/country?post=39233"}],"curies":[{"name":"wp","href":"https:\/\/api.w.org\/{rel}","templated":true}]}}